{"id":19,"date":"2022-05-04T17:01:00","date_gmt":"2022-05-04T17:01:00","guid":{"rendered":"https:\/\/strategiiaplicate.ro\/?p=19"},"modified":"2025-09-18T17:42:23","modified_gmt":"2025-09-18T17:42:23","slug":"managementul-informatiilor-sensibile-pe-timpul-situatiilor-de-criza-curs-online-4-6-mai-2022","status":"publish","type":"post","link":"https:\/\/strategiiaplicate.ro\/?p=19","title":{"rendered":"Managementul informa\u021biilor sensibile pe timpul situa\u021biilor de criz\u0103, curs online, 4-6 mai 2022"},"content":{"rendered":"\n<p><strong>Managementul informa\u021biilor sensibile pe timpul situa\u021biilor de criz\u0103<\/strong><\/p>\n\n\n\n<p>\/\/proeurocons.eu\/product\/managementul-informatiilor-sensibile-pe-timpul-situatiilor-de-criza\/<\/p>\n\n\n\n<p><strong>De ce acest program?<\/strong><\/p>\n\n\n\n<p>Programul&nbsp;<strong>Managementul informa\u021biilor sensibile pe timpul situa\u021biilor de criz\u0103&nbsp;<\/strong>este destinat \u00een principal persoanelor care gestioneaz\u0103 informa\u021bii nedestinate publicit\u0103\u021bii, dar \u0219i profesorilor, formatorilor, didacticienilor, liderilor \u0219i factorilor decizionali de orice nivel, persoanelor care-i consiliaz\u0103 pe ace\u0219tia, precum \u0219i persoanelor care doresc s\u0103 \u00een\u021beleag\u0103 fenomenul managementului datelor sensibile \u00een cazul agresiunilor informa\u021bionale.<\/p>\n\n\n\n<p>\u00cen urma parcurgerii acestui curs, ve\u021bi dob\u00e2ndi calit\u0103\u021bile necesare identific\u0103rii persoanelor implicate \u00een culegerea de informa\u021bii nedestinate publicit\u0103\u021bii, precum \u0219i modurile de contracarare ale acestora, care, prin ac\u021biunile lor, ar putea aduce prejudicii at\u00e2t persoanei, c\u00e2t \u0219i organiza\u021biei pe care o reprezenta\u021bi.<\/p>\n\n\n\n<p><strong>Obiectivele cursului:<\/strong><\/p>\n\n\n<ul class=\"wp-block-list is-layout-flex wp-container-core-list-is-layout-fe9cc265 wp-block-list-is-layout-flex\" style=\"\">\n<li>&Icirc;n&#539;elegerea no&#539;iunii de conflict;<\/li>\n\n\n\n<li>&Icirc;n&#539;elegerea diferen&#539;ei dintre informa&#539;ia public&#259; &#537;i informa&#539;ia nedestinat&#259; publicit&#259;&#539;ii;<\/li>\n\n\n\n<li>&Icirc;n&#539;elegerea fenomenului de culegere de informa&#539;ii &#537;i contracararea acestuia;<\/li>\n\n\n\n<li>Identificarea amenin&#539;&#259;rilor, riscurilor &#537;i vulnerabilit&#259;&#539;ilor de securitate ale organiza&#539;iei din care face&#539;i parte, precum &#537;i implementarea mecanismelor specifice pentru reducerea &#537;i eliminarea acestora;<\/li>\n\n\n\n<li>Dezvoltarea culturii organiza&#539;ionale.<\/li>\n<\/ul>\n\n\n\n<p><strong>Cursul este organizat de c\u0103tre ASOCIA\u021aIA PROEURO-CONS \u2013 prin educa\u021bie, totul este posibil \u0219i va fi sus\u021binut de c\u0103tre:<\/strong><\/p>\n\n\n\n<p><strong>E.<\/strong><strong>S. domnul \u0218tefan GL\u0102VAN,<\/strong>&nbsp;reputat universitar, care mai bine de 12 ani a f\u0103cut \u0219i o fulminant\u0103 carier\u0103 politic\u0103, fiind ales \u00een mai multe legislaturi deputat\/senator. A fost pre\u0219edintele Comisiei pentru politic\u0103 extern\u0103 a Camerei Deputa\u021bilor, fiind membru \u00een grupurile parlamentare de prietenie cu Republica Francez\u0103, Canada, Australia, Republica Argentina, Republica Chile, Muntenegru, Republica Cipru \u0219i Republica Algerian\u0103 Democratic\u0103 \u0219i Popular\u0103.<\/p>\n\n\n\n<p>De asemenea, are o vast\u0103 experein\u021b\u0103 \u00een diploma\u021bia Rom\u00e2niei, fiind ambasador extraordinar \u0219i plenipoten\u021biar al Rom\u00e2niei \u00een Serbia \u0219i Muntenegru \u00een perioada 2000-2004.<\/p>\n\n\n\n<p>Este Doctor \u201cHonoris causa\u201d \u2013 Univ. Liberty, California, SUA, Doctor \u00een \u0219tiin\u021be \u2013 Cheia Succesului \u2013 Institutul Biografic SUA \u0219i cet\u0103\u021bean de onoare al Statului Georgia, SUA.<\/p>\n\n\n\n<p>\u0218tefan Gl\u0103van este profesor universitar la Universitatea Politehnica din Timi\u0219oara din anul 1986, ocazie cu care a sus\u021binut, de-a lungul timpului, 9 cursuri universitare (5 \u00een limba francez\u0103), public\u00e2nd peste 150 de lucr\u0103ri \u0219tiin\u021bifice. Totodat\u0103, de\u021bine 11 inven\u021bii \u0219i inova\u021bii.<\/p>\n\n\n\n<p><strong>Ionu\u021b RITE\u0218<\/strong>, lector asociat dr., absolvent al Universit\u0103\u0163ii de Vest din Timi\u0219oara, este expert \u00een zona de intelligence \u0219i \u00een managementul informa\u021biilor sensibile, fiind autorul mai mutor lucr\u0103ri cu relevan\u021b\u0103 \u00een domeniu, ocup\u00e2nd, pe r\u00e2nd, func\u021biile de \u0219ef al Biroului pentru protec\u021bia informa\u021biilor clasificate \u0219i pe cea de director al Direc\u021biei Afaceri Interne la Camera Deputa\u021bilor.<\/p>\n\n\n\n<p>Este autorul mai multor volume de povestiri, fiind membru al Ligii Scriitorilor din Rom\u00e2nia, \u00eendeplinind func\u021bia de pre\u0219edinte al Centrului de Strategii Aplicate \u0219i Secretar general redac\u0163ie al revistei \u201eDiplomacy &amp; Intelligence\u201d, fiind totodat\u0103 dezvoltatorul proiectului Romanian High IQ Society.<\/p>\n\n\n\n<p>\u00cen plan sportiv, are aproximativ 2300 de lans\u0103ri cu para\u0219uta, este multiplu campion na\u021bional (12 titluri de campion na\u021bional), a ob\u021binut locurile 5-9 la Campionatele Mondiale de Para\u0219utism, fiind totodat\u0103 recordman mondial la para\u0219utism \u0219i paramotor (4 recorduri mondiale), de\u021bin\u00e2nd titlul de Maestru al sportului.<\/p>\n","protected":false},"excerpt":{"rendered":"<p>Managementul informa\u021biilor sensibile pe timpul situa\u021biilor de criz\u0103 \/\/proeurocons.eu\/product\/managementul-informatiilor-sensibile-pe-timpul-situatiilor-de-criza\/ De ce acest program? Programul&nbsp;Managementul informa\u021biilor sensibile pe timpul situa\u021biilor de criz\u0103&nbsp;este destinat \u00een principal persoanelor care gestioneaz\u0103 informa\u021bii nedestinate publicit\u0103\u021bii, dar \u0219i profesorilor, formatorilor, didacticienilor, liderilor \u0219i factorilor decizionali de orice nivel, persoanelor care-i consiliaz\u0103 pe ace\u0219tia, precum \u0219i persoanelor care doresc s\u0103 \u00een\u021beleag\u0103 fenomenul [&hellip;]<\/p>\n","protected":false},"author":2,"featured_media":20,"comment_status":"open","ping_status":"open","sticky":false,"template":"","format":"standard","meta":{"footnotes":""},"categories":[1],"tags":[],"class_list":["post-19","post","type-post","status-publish","format-standard","has-post-thumbnail","hentry","category-uncategorized"],"yoast_head":"<!-- This site is optimized with the Yoast SEO plugin v27.3 - https:\/\/yoast.com\/product\/yoast-seo-wordpress\/ -->\n<title>Managementul informa\u021biilor sensibile pe timpul situa\u021biilor de criz\u0103, curs online, 4-6 mai 2022 - Centrul de Stategii Aplicate<\/title>\n<meta name=\"robots\" content=\"index, follow, max-snippet:-1, max-image-preview:large, max-video-preview:-1\" \/>\n<link rel=\"canonical\" href=\"https:\/\/strategiiaplicate.ro\/?p=19\" \/>\n<meta property=\"og:locale\" content=\"en_US\" \/>\n<meta property=\"og:type\" content=\"article\" \/>\n<meta property=\"og:title\" content=\"Managementul informa\u021biilor sensibile pe timpul situa\u021biilor de criz\u0103, curs online, 4-6 mai 2022 - Centrul de Stategii Aplicate\" \/>\n<meta property=\"og:description\" content=\"Managementul informa\u021biilor sensibile pe timpul situa\u021biilor de criz\u0103 \/\/proeurocons.eu\/product\/managementul-informatiilor-sensibile-pe-timpul-situatiilor-de-criza\/ De ce acest program? Programul&nbsp;Managementul informa\u021biilor sensibile pe timpul situa\u021biilor de criz\u0103&nbsp;este destinat \u00een principal persoanelor care gestioneaz\u0103 informa\u021bii nedestinate publicit\u0103\u021bii, dar \u0219i profesorilor, formatorilor, didacticienilor, liderilor \u0219i factorilor decizionali de orice nivel, persoanelor care-i consiliaz\u0103 pe ace\u0219tia, precum \u0219i persoanelor care doresc s\u0103 \u00een\u021beleag\u0103 fenomenul [&hellip;]\" \/>\n<meta property=\"og:url\" content=\"https:\/\/strategiiaplicate.ro\/?p=19\" \/>\n<meta property=\"og:site_name\" content=\"Centrul de Stategii Aplicate\" \/>\n<meta property=\"article:published_time\" content=\"2022-05-04T17:01:00+00:00\" \/>\n<meta property=\"article:modified_time\" content=\"2025-09-18T17:42:23+00:00\" \/>\n<meta property=\"og:image\" content=\"https:\/\/strategiiaplicate.ro\/wp-content\/uploads\/2025\/09\/Afis-Slatina.jpg\" \/>\n\t<meta property=\"og:image:width\" content=\"940\" \/>\n\t<meta property=\"og:image:height\" content=\"788\" \/>\n\t<meta property=\"og:image:type\" content=\"image\/jpeg\" \/>\n<meta name=\"author\" content=\"alpha_root\" \/>\n<meta name=\"twitter:card\" content=\"summary_large_image\" \/>\n<meta name=\"twitter:label1\" content=\"Written by\" \/>\n\t<meta name=\"twitter:data1\" content=\"alpha_root\" \/>\n\t<meta name=\"twitter:label2\" content=\"Est. reading time\" \/>\n\t<meta name=\"twitter:data2\" content=\"3 minutes\" \/>\n<script type=\"application\/ld+json\" class=\"yoast-schema-graph\">{\"@context\":\"https:\\\/\\\/schema.org\",\"@graph\":[{\"@type\":\"Article\",\"@id\":\"https:\\\/\\\/strategiiaplicate.ro\\\/?p=19#article\",\"isPartOf\":{\"@id\":\"https:\\\/\\\/strategiiaplicate.ro\\\/?p=19\"},\"author\":{\"name\":\"alpha_root\",\"@id\":\"https:\\\/\\\/strategiiaplicate.ro\\\/#\\\/schema\\\/person\\\/a83a153e4630255c2352b938f6de8efe\"},\"headline\":\"Managementul informa\u021biilor sensibile pe timpul situa\u021biilor de criz\u0103, curs online, 4-6 mai 2022\",\"datePublished\":\"2022-05-04T17:01:00+00:00\",\"dateModified\":\"2025-09-18T17:42:23+00:00\",\"mainEntityOfPage\":{\"@id\":\"https:\\\/\\\/strategiiaplicate.ro\\\/?p=19\"},\"wordCount\":558,\"commentCount\":0,\"publisher\":{\"@id\":\"https:\\\/\\\/strategiiaplicate.ro\\\/#organization\"},\"image\":{\"@id\":\"https:\\\/\\\/strategiiaplicate.ro\\\/?p=19#primaryimage\"},\"thumbnailUrl\":\"https:\\\/\\\/strategiiaplicate.ro\\\/wp-content\\\/uploads\\\/2025\\\/09\\\/Afis-Slatina.jpg\",\"inLanguage\":\"en-US\",\"potentialAction\":[{\"@type\":\"CommentAction\",\"name\":\"Comment\",\"target\":[\"https:\\\/\\\/strategiiaplicate.ro\\\/?p=19#respond\"]}]},{\"@type\":\"WebPage\",\"@id\":\"https:\\\/\\\/strategiiaplicate.ro\\\/?p=19\",\"url\":\"https:\\\/\\\/strategiiaplicate.ro\\\/?p=19\",\"name\":\"Managementul informa\u021biilor sensibile pe timpul situa\u021biilor de criz\u0103, curs online, 4-6 mai 2022 - Centrul de Stategii Aplicate\",\"isPartOf\":{\"@id\":\"https:\\\/\\\/strategiiaplicate.ro\\\/#website\"},\"primaryImageOfPage\":{\"@id\":\"https:\\\/\\\/strategiiaplicate.ro\\\/?p=19#primaryimage\"},\"image\":{\"@id\":\"https:\\\/\\\/strategiiaplicate.ro\\\/?p=19#primaryimage\"},\"thumbnailUrl\":\"https:\\\/\\\/strategiiaplicate.ro\\\/wp-content\\\/uploads\\\/2025\\\/09\\\/Afis-Slatina.jpg\",\"datePublished\":\"2022-05-04T17:01:00+00:00\",\"dateModified\":\"2025-09-18T17:42:23+00:00\",\"breadcrumb\":{\"@id\":\"https:\\\/\\\/strategiiaplicate.ro\\\/?p=19#breadcrumb\"},\"inLanguage\":\"en-US\",\"potentialAction\":[{\"@type\":\"ReadAction\",\"target\":[\"https:\\\/\\\/strategiiaplicate.ro\\\/?p=19\"]}]},{\"@type\":\"ImageObject\",\"inLanguage\":\"en-US\",\"@id\":\"https:\\\/\\\/strategiiaplicate.ro\\\/?p=19#primaryimage\",\"url\":\"https:\\\/\\\/strategiiaplicate.ro\\\/wp-content\\\/uploads\\\/2025\\\/09\\\/Afis-Slatina.jpg\",\"contentUrl\":\"https:\\\/\\\/strategiiaplicate.ro\\\/wp-content\\\/uploads\\\/2025\\\/09\\\/Afis-Slatina.jpg\",\"width\":940,\"height\":788},{\"@type\":\"BreadcrumbList\",\"@id\":\"https:\\\/\\\/strategiiaplicate.ro\\\/?p=19#breadcrumb\",\"itemListElement\":[{\"@type\":\"ListItem\",\"position\":1,\"name\":\"Home\",\"item\":\"https:\\\/\\\/strategiiaplicate.ro\\\/\"},{\"@type\":\"ListItem\",\"position\":2,\"name\":\"Managementul informa\u021biilor sensibile pe timpul situa\u021biilor de criz\u0103, curs online, 4-6 mai 2022\"}]},{\"@type\":\"WebSite\",\"@id\":\"https:\\\/\\\/strategiiaplicate.ro\\\/#website\",\"url\":\"https:\\\/\\\/strategiiaplicate.ro\\\/\",\"name\":\"Centrul de Stategii Aplicate\",\"description\":\"\",\"publisher\":{\"@id\":\"https:\\\/\\\/strategiiaplicate.ro\\\/#organization\"},\"potentialAction\":[{\"@type\":\"SearchAction\",\"target\":{\"@type\":\"EntryPoint\",\"urlTemplate\":\"https:\\\/\\\/strategiiaplicate.ro\\\/?s={search_term_string}\"},\"query-input\":{\"@type\":\"PropertyValueSpecification\",\"valueRequired\":true,\"valueName\":\"search_term_string\"}}],\"inLanguage\":\"en-US\"},{\"@type\":\"Organization\",\"@id\":\"https:\\\/\\\/strategiiaplicate.ro\\\/#organization\",\"name\":\"Centrul de Stategii Aplicate\",\"url\":\"https:\\\/\\\/strategiiaplicate.ro\\\/\",\"logo\":{\"@type\":\"ImageObject\",\"inLanguage\":\"en-US\",\"@id\":\"https:\\\/\\\/strategiiaplicate.ro\\\/#\\\/schema\\\/logo\\\/image\\\/\",\"url\":\"https:\\\/\\\/strategiiaplicate.ro\\\/wp-content\\\/uploads\\\/2025\\\/09\\\/Adobe-Express-file.png\",\"contentUrl\":\"https:\\\/\\\/strategiiaplicate.ro\\\/wp-content\\\/uploads\\\/2025\\\/09\\\/Adobe-Express-file.png\",\"width\":1561,\"height\":1547,\"caption\":\"Centrul de Stategii Aplicate\"},\"image\":{\"@id\":\"https:\\\/\\\/strategiiaplicate.ro\\\/#\\\/schema\\\/logo\\\/image\\\/\"}},{\"@type\":\"Person\",\"@id\":\"https:\\\/\\\/strategiiaplicate.ro\\\/#\\\/schema\\\/person\\\/a83a153e4630255c2352b938f6de8efe\",\"name\":\"alpha_root\",\"image\":{\"@type\":\"ImageObject\",\"inLanguage\":\"en-US\",\"@id\":\"https:\\\/\\\/secure.gravatar.com\\\/avatar\\\/89c02d56eac9e456d1f4c111cd92105bb2cf41aa35598455a6b12db51b9f8831?s=96&d=mm&r=g\",\"url\":\"https:\\\/\\\/secure.gravatar.com\\\/avatar\\\/89c02d56eac9e456d1f4c111cd92105bb2cf41aa35598455a6b12db51b9f8831?s=96&d=mm&r=g\",\"contentUrl\":\"https:\\\/\\\/secure.gravatar.com\\\/avatar\\\/89c02d56eac9e456d1f4c111cd92105bb2cf41aa35598455a6b12db51b9f8831?s=96&d=mm&r=g\",\"caption\":\"alpha_root\"},\"url\":\"https:\\\/\\\/strategiiaplicate.ro\\\/?author=2\"}]}<\/script>\n<!-- \/ Yoast SEO plugin. -->","yoast_head_json":{"title":"Managementul informa\u021biilor sensibile pe timpul situa\u021biilor de criz\u0103, curs online, 4-6 mai 2022 - Centrul de Stategii Aplicate","robots":{"index":"index","follow":"follow","max-snippet":"max-snippet:-1","max-image-preview":"max-image-preview:large","max-video-preview":"max-video-preview:-1"},"canonical":"https:\/\/strategiiaplicate.ro\/?p=19","og_locale":"en_US","og_type":"article","og_title":"Managementul informa\u021biilor sensibile pe timpul situa\u021biilor de criz\u0103, curs online, 4-6 mai 2022 - Centrul de Stategii Aplicate","og_description":"Managementul informa\u021biilor sensibile pe timpul situa\u021biilor de criz\u0103 \/\/proeurocons.eu\/product\/managementul-informatiilor-sensibile-pe-timpul-situatiilor-de-criza\/ De ce acest program? Programul&nbsp;Managementul informa\u021biilor sensibile pe timpul situa\u021biilor de criz\u0103&nbsp;este destinat \u00een principal persoanelor care gestioneaz\u0103 informa\u021bii nedestinate publicit\u0103\u021bii, dar \u0219i profesorilor, formatorilor, didacticienilor, liderilor \u0219i factorilor decizionali de orice nivel, persoanelor care-i consiliaz\u0103 pe ace\u0219tia, precum \u0219i persoanelor care doresc s\u0103 \u00een\u021beleag\u0103 fenomenul [&hellip;]","og_url":"https:\/\/strategiiaplicate.ro\/?p=19","og_site_name":"Centrul de Stategii Aplicate","article_published_time":"2022-05-04T17:01:00+00:00","article_modified_time":"2025-09-18T17:42:23+00:00","og_image":[{"width":940,"height":788,"url":"https:\/\/strategiiaplicate.ro\/wp-content\/uploads\/2025\/09\/Afis-Slatina.jpg","type":"image\/jpeg"}],"author":"alpha_root","twitter_card":"summary_large_image","twitter_misc":{"Written by":"alpha_root","Est. reading time":"3 minutes"},"schema":{"@context":"https:\/\/schema.org","@graph":[{"@type":"Article","@id":"https:\/\/strategiiaplicate.ro\/?p=19#article","isPartOf":{"@id":"https:\/\/strategiiaplicate.ro\/?p=19"},"author":{"name":"alpha_root","@id":"https:\/\/strategiiaplicate.ro\/#\/schema\/person\/a83a153e4630255c2352b938f6de8efe"},"headline":"Managementul informa\u021biilor sensibile pe timpul situa\u021biilor de criz\u0103, curs online, 4-6 mai 2022","datePublished":"2022-05-04T17:01:00+00:00","dateModified":"2025-09-18T17:42:23+00:00","mainEntityOfPage":{"@id":"https:\/\/strategiiaplicate.ro\/?p=19"},"wordCount":558,"commentCount":0,"publisher":{"@id":"https:\/\/strategiiaplicate.ro\/#organization"},"image":{"@id":"https:\/\/strategiiaplicate.ro\/?p=19#primaryimage"},"thumbnailUrl":"https:\/\/strategiiaplicate.ro\/wp-content\/uploads\/2025\/09\/Afis-Slatina.jpg","inLanguage":"en-US","potentialAction":[{"@type":"CommentAction","name":"Comment","target":["https:\/\/strategiiaplicate.ro\/?p=19#respond"]}]},{"@type":"WebPage","@id":"https:\/\/strategiiaplicate.ro\/?p=19","url":"https:\/\/strategiiaplicate.ro\/?p=19","name":"Managementul informa\u021biilor sensibile pe timpul situa\u021biilor de criz\u0103, curs online, 4-6 mai 2022 - Centrul de Stategii Aplicate","isPartOf":{"@id":"https:\/\/strategiiaplicate.ro\/#website"},"primaryImageOfPage":{"@id":"https:\/\/strategiiaplicate.ro\/?p=19#primaryimage"},"image":{"@id":"https:\/\/strategiiaplicate.ro\/?p=19#primaryimage"},"thumbnailUrl":"https:\/\/strategiiaplicate.ro\/wp-content\/uploads\/2025\/09\/Afis-Slatina.jpg","datePublished":"2022-05-04T17:01:00+00:00","dateModified":"2025-09-18T17:42:23+00:00","breadcrumb":{"@id":"https:\/\/strategiiaplicate.ro\/?p=19#breadcrumb"},"inLanguage":"en-US","potentialAction":[{"@type":"ReadAction","target":["https:\/\/strategiiaplicate.ro\/?p=19"]}]},{"@type":"ImageObject","inLanguage":"en-US","@id":"https:\/\/strategiiaplicate.ro\/?p=19#primaryimage","url":"https:\/\/strategiiaplicate.ro\/wp-content\/uploads\/2025\/09\/Afis-Slatina.jpg","contentUrl":"https:\/\/strategiiaplicate.ro\/wp-content\/uploads\/2025\/09\/Afis-Slatina.jpg","width":940,"height":788},{"@type":"BreadcrumbList","@id":"https:\/\/strategiiaplicate.ro\/?p=19#breadcrumb","itemListElement":[{"@type":"ListItem","position":1,"name":"Home","item":"https:\/\/strategiiaplicate.ro\/"},{"@type":"ListItem","position":2,"name":"Managementul informa\u021biilor sensibile pe timpul situa\u021biilor de criz\u0103, curs online, 4-6 mai 2022"}]},{"@type":"WebSite","@id":"https:\/\/strategiiaplicate.ro\/#website","url":"https:\/\/strategiiaplicate.ro\/","name":"Centrul de Stategii Aplicate","description":"","publisher":{"@id":"https:\/\/strategiiaplicate.ro\/#organization"},"potentialAction":[{"@type":"SearchAction","target":{"@type":"EntryPoint","urlTemplate":"https:\/\/strategiiaplicate.ro\/?s={search_term_string}"},"query-input":{"@type":"PropertyValueSpecification","valueRequired":true,"valueName":"search_term_string"}}],"inLanguage":"en-US"},{"@type":"Organization","@id":"https:\/\/strategiiaplicate.ro\/#organization","name":"Centrul de Stategii Aplicate","url":"https:\/\/strategiiaplicate.ro\/","logo":{"@type":"ImageObject","inLanguage":"en-US","@id":"https:\/\/strategiiaplicate.ro\/#\/schema\/logo\/image\/","url":"https:\/\/strategiiaplicate.ro\/wp-content\/uploads\/2025\/09\/Adobe-Express-file.png","contentUrl":"https:\/\/strategiiaplicate.ro\/wp-content\/uploads\/2025\/09\/Adobe-Express-file.png","width":1561,"height":1547,"caption":"Centrul de Stategii Aplicate"},"image":{"@id":"https:\/\/strategiiaplicate.ro\/#\/schema\/logo\/image\/"}},{"@type":"Person","@id":"https:\/\/strategiiaplicate.ro\/#\/schema\/person\/a83a153e4630255c2352b938f6de8efe","name":"alpha_root","image":{"@type":"ImageObject","inLanguage":"en-US","@id":"https:\/\/secure.gravatar.com\/avatar\/89c02d56eac9e456d1f4c111cd92105bb2cf41aa35598455a6b12db51b9f8831?s=96&d=mm&r=g","url":"https:\/\/secure.gravatar.com\/avatar\/89c02d56eac9e456d1f4c111cd92105bb2cf41aa35598455a6b12db51b9f8831?s=96&d=mm&r=g","contentUrl":"https:\/\/secure.gravatar.com\/avatar\/89c02d56eac9e456d1f4c111cd92105bb2cf41aa35598455a6b12db51b9f8831?s=96&d=mm&r=g","caption":"alpha_root"},"url":"https:\/\/strategiiaplicate.ro\/?author=2"}]}},"_links":{"self":[{"href":"https:\/\/strategiiaplicate.ro\/index.php?rest_route=\/wp\/v2\/posts\/19","targetHints":{"allow":["GET"]}}],"collection":[{"href":"https:\/\/strategiiaplicate.ro\/index.php?rest_route=\/wp\/v2\/posts"}],"about":[{"href":"https:\/\/strategiiaplicate.ro\/index.php?rest_route=\/wp\/v2\/types\/post"}],"author":[{"embeddable":true,"href":"https:\/\/strategiiaplicate.ro\/index.php?rest_route=\/wp\/v2\/users\/2"}],"replies":[{"embeddable":true,"href":"https:\/\/strategiiaplicate.ro\/index.php?rest_route=%2Fwp%2Fv2%2Fcomments&post=19"}],"version-history":[{"count":1,"href":"https:\/\/strategiiaplicate.ro\/index.php?rest_route=\/wp\/v2\/posts\/19\/revisions"}],"predecessor-version":[{"id":21,"href":"https:\/\/strategiiaplicate.ro\/index.php?rest_route=\/wp\/v2\/posts\/19\/revisions\/21"}],"wp:featuredmedia":[{"embeddable":true,"href":"https:\/\/strategiiaplicate.ro\/index.php?rest_route=\/wp\/v2\/media\/20"}],"wp:attachment":[{"href":"https:\/\/strategiiaplicate.ro\/index.php?rest_route=%2Fwp%2Fv2%2Fmedia&parent=19"}],"wp:term":[{"taxonomy":"category","embeddable":true,"href":"https:\/\/strategiiaplicate.ro\/index.php?rest_route=%2Fwp%2Fv2%2Fcategories&post=19"},{"taxonomy":"post_tag","embeddable":true,"href":"https:\/\/strategiiaplicate.ro\/index.php?rest_route=%2Fwp%2Fv2%2Ftags&post=19"}],"curies":[{"name":"wp","href":"https:\/\/api.w.org\/{rel}","templated":true}]}}