{"id":80,"date":"2016-11-21T04:53:00","date_gmt":"2016-11-21T04:53:00","guid":{"rendered":"https:\/\/strategiiaplicate.ro\/?p=80"},"modified":"2025-09-18T17:42:23","modified_gmt":"2025-09-18T17:42:23","slug":"curs-intensiv-diplomatie-si-mediul-international-de-securitate-timisoara-17-decembrie-2016","status":"publish","type":"post","link":"https:\/\/strategiiaplicate.ro\/?p=80","title":{"rendered":"Curs intensiv: Diploma\u021bie \u0219i mediul interna\u021bional de securitate, Timi\u0219oara, 17 decembrie 2016"},"content":{"rendered":"\n<p>Diploma\u021bie \u0219i mondializare \u2013 Ambasador prof. univ. dr. \u015eTEFAN GL\u0102VAN<br>Diploma\u021bie parlamentara \u0219i de securitate \u2013 Vicepre\u0219edinte al Comisiei de Ap\u0103rare, Ordine Public\u0103 \u0219i Siguran\u021b\u0103 Na\u021bional\u0103, secretar al Comisiei de control \u2013 SIE, delegat la Adunarea parlamentar\u0103 NATO, Prefect, DR\u0102G\u0102NESCU OVIDIU<br>Diploma\u021bie cultural\u0103 \u2013 \u0218TEFAN POPA POPA\u2019S, Ambasador cultural al turismului rom\u00e2nesc<br>Noi tendin\u021be \u00een diploma\u021bia contemporan\u0103 \u2013 Prof.univ.dr. SILVIU ROGOBETE, Consul General al Rom\u00e2niei \u00een Africa de Sud<br>Diploma\u021bie \u0219i intelligence \u2013 Col. ing. SRI VALENTIN T\u00c2RZIU<br>Protec\u021bia datelor pe timpul misiunilor diplomatice \u2013 Lect. IONU\u021a RITE\u0218<br>Impactul amenin\u021b\u0103rilor cibernetice asupra misiunilor diplomatice \u2013 Expertul \u00een securitate cibernetic\u0103 IONU\u021a DR\u0102GOI<\/p>\n\n\n\n<p>\u00censcrierile se fac prin transmiterea unui e-mail cu datele de contact ale cursan\u0163ilor la valeriua@gmail.com (Nume\/Prenume\/Ini\u0163iala tat\u0103lui, date de contact, student\/angajat)<br>Coordonator proiect: Valeriu Antonovici tel. 0726 18 69 11<br>Cursurile se vor desf\u0103\u015fura \u00een Amfiteatrul A01, Universitatea de Vest din Timi\u0219oara<br>Cost curs: 150 lei<br>(pentru elevi, studen\u021bi, masteranzi \u0219i doctoranzi 120 lei)<br>Cursul se va desf\u0103\u0219ura \u00een data de 17 decembrie 2016, \u00eentre orele 10.00 \u2013 18.00.<\/p>\n","protected":false},"excerpt":{"rendered":"<p>Diploma\u021bie \u0219i mondializare \u2013 Ambasador prof. univ. dr. \u015eTEFAN GL\u0102VANDiploma\u021bie parlamentara \u0219i de securitate \u2013 Vicepre\u0219edinte al Comisiei de Ap\u0103rare, Ordine Public\u0103 \u0219i Siguran\u021b\u0103 Na\u021bional\u0103, secretar al Comisiei de control \u2013 SIE, delegat la Adunarea parlamentar\u0103 NATO, Prefect, DR\u0102G\u0102NESCU OVIDIUDiploma\u021bie cultural\u0103 \u2013 \u0218TEFAN POPA POPA\u2019S, Ambasador cultural al turismului rom\u00e2nescNoi tendin\u021be \u00een diploma\u021bia contemporan\u0103 \u2013 [&hellip;]<\/p>\n","protected":false},"author":2,"featured_media":0,"comment_status":"open","ping_status":"open","sticky":false,"template":"","format":"standard","meta":{"footnotes":""},"categories":[1],"tags":[],"class_list":["post-80","post","type-post","status-publish","format-standard","hentry","category-uncategorized"],"yoast_head":"<!-- This site is optimized with the Yoast SEO plugin v27.3 - https:\/\/yoast.com\/product\/yoast-seo-wordpress\/ -->\n<title>Curs intensiv: Diploma\u021bie \u0219i mediul interna\u021bional de securitate, Timi\u0219oara, 17 decembrie 2016 - Centrul de Stategii Aplicate<\/title>\n<meta name=\"robots\" content=\"index, follow, max-snippet:-1, max-image-preview:large, max-video-preview:-1\" \/>\n<link rel=\"canonical\" href=\"https:\/\/strategiiaplicate.ro\/?p=80\" \/>\n<meta property=\"og:locale\" content=\"en_US\" \/>\n<meta property=\"og:type\" content=\"article\" \/>\n<meta property=\"og:title\" content=\"Curs intensiv: Diploma\u021bie \u0219i mediul interna\u021bional de securitate, Timi\u0219oara, 17 decembrie 2016 - Centrul de Stategii Aplicate\" \/>\n<meta property=\"og:description\" content=\"Diploma\u021bie \u0219i mondializare \u2013 Ambasador prof. univ. dr. \u015eTEFAN GL\u0102VANDiploma\u021bie parlamentara \u0219i de securitate \u2013 Vicepre\u0219edinte al Comisiei de Ap\u0103rare, Ordine Public\u0103 \u0219i Siguran\u021b\u0103 Na\u021bional\u0103, secretar al Comisiei de control \u2013 SIE, delegat la Adunarea parlamentar\u0103 NATO, Prefect, DR\u0102G\u0102NESCU OVIDIUDiploma\u021bie cultural\u0103 \u2013 \u0218TEFAN POPA POPA\u2019S, Ambasador cultural al turismului rom\u00e2nescNoi tendin\u021be \u00een diploma\u021bia contemporan\u0103 \u2013 [&hellip;]\" \/>\n<meta property=\"og:url\" content=\"https:\/\/strategiiaplicate.ro\/?p=80\" \/>\n<meta property=\"og:site_name\" content=\"Centrul de Stategii Aplicate\" \/>\n<meta property=\"article:published_time\" content=\"2016-11-21T04:53:00+00:00\" \/>\n<meta property=\"article:modified_time\" content=\"2025-09-18T17:42:23+00:00\" \/>\n<meta name=\"author\" content=\"alpha_root\" \/>\n<meta name=\"twitter:card\" content=\"summary_large_image\" \/>\n<meta name=\"twitter:label1\" content=\"Written by\" \/>\n\t<meta name=\"twitter:data1\" content=\"alpha_root\" \/>\n\t<meta name=\"twitter:label2\" content=\"Est. reading time\" \/>\n\t<meta name=\"twitter:data2\" content=\"1 minute\" \/>\n<script type=\"application\/ld+json\" class=\"yoast-schema-graph\">{\"@context\":\"https:\\\/\\\/schema.org\",\"@graph\":[{\"@type\":\"Article\",\"@id\":\"https:\\\/\\\/strategiiaplicate.ro\\\/?p=80#article\",\"isPartOf\":{\"@id\":\"https:\\\/\\\/strategiiaplicate.ro\\\/?p=80\"},\"author\":{\"name\":\"alpha_root\",\"@id\":\"https:\\\/\\\/strategiiaplicate.ro\\\/#\\\/schema\\\/person\\\/a83a153e4630255c2352b938f6de8efe\"},\"headline\":\"Curs intensiv: Diploma\u021bie \u0219i mediul interna\u021bional de securitate, Timi\u0219oara, 17 decembrie 2016\",\"datePublished\":\"2016-11-21T04:53:00+00:00\",\"dateModified\":\"2025-09-18T17:42:23+00:00\",\"mainEntityOfPage\":{\"@id\":\"https:\\\/\\\/strategiiaplicate.ro\\\/?p=80\"},\"wordCount\":191,\"commentCount\":0,\"publisher\":{\"@id\":\"https:\\\/\\\/strategiiaplicate.ro\\\/#organization\"},\"inLanguage\":\"en-US\",\"potentialAction\":[{\"@type\":\"CommentAction\",\"name\":\"Comment\",\"target\":[\"https:\\\/\\\/strategiiaplicate.ro\\\/?p=80#respond\"]}]},{\"@type\":\"WebPage\",\"@id\":\"https:\\\/\\\/strategiiaplicate.ro\\\/?p=80\",\"url\":\"https:\\\/\\\/strategiiaplicate.ro\\\/?p=80\",\"name\":\"Curs intensiv: Diploma\u021bie \u0219i mediul interna\u021bional de securitate, Timi\u0219oara, 17 decembrie 2016 - Centrul de Stategii Aplicate\",\"isPartOf\":{\"@id\":\"https:\\\/\\\/strategiiaplicate.ro\\\/#website\"},\"datePublished\":\"2016-11-21T04:53:00+00:00\",\"dateModified\":\"2025-09-18T17:42:23+00:00\",\"breadcrumb\":{\"@id\":\"https:\\\/\\\/strategiiaplicate.ro\\\/?p=80#breadcrumb\"},\"inLanguage\":\"en-US\",\"potentialAction\":[{\"@type\":\"ReadAction\",\"target\":[\"https:\\\/\\\/strategiiaplicate.ro\\\/?p=80\"]}]},{\"@type\":\"BreadcrumbList\",\"@id\":\"https:\\\/\\\/strategiiaplicate.ro\\\/?p=80#breadcrumb\",\"itemListElement\":[{\"@type\":\"ListItem\",\"position\":1,\"name\":\"Home\",\"item\":\"https:\\\/\\\/strategiiaplicate.ro\\\/\"},{\"@type\":\"ListItem\",\"position\":2,\"name\":\"Curs intensiv: Diploma\u021bie \u0219i mediul interna\u021bional de securitate, Timi\u0219oara, 17 decembrie 2016\"}]},{\"@type\":\"WebSite\",\"@id\":\"https:\\\/\\\/strategiiaplicate.ro\\\/#website\",\"url\":\"https:\\\/\\\/strategiiaplicate.ro\\\/\",\"name\":\"Centrul de Stategii Aplicate\",\"description\":\"\",\"publisher\":{\"@id\":\"https:\\\/\\\/strategiiaplicate.ro\\\/#organization\"},\"potentialAction\":[{\"@type\":\"SearchAction\",\"target\":{\"@type\":\"EntryPoint\",\"urlTemplate\":\"https:\\\/\\\/strategiiaplicate.ro\\\/?s={search_term_string}\"},\"query-input\":{\"@type\":\"PropertyValueSpecification\",\"valueRequired\":true,\"valueName\":\"search_term_string\"}}],\"inLanguage\":\"en-US\"},{\"@type\":\"Organization\",\"@id\":\"https:\\\/\\\/strategiiaplicate.ro\\\/#organization\",\"name\":\"Centrul de Stategii Aplicate\",\"url\":\"https:\\\/\\\/strategiiaplicate.ro\\\/\",\"logo\":{\"@type\":\"ImageObject\",\"inLanguage\":\"en-US\",\"@id\":\"https:\\\/\\\/strategiiaplicate.ro\\\/#\\\/schema\\\/logo\\\/image\\\/\",\"url\":\"https:\\\/\\\/strategiiaplicate.ro\\\/wp-content\\\/uploads\\\/2025\\\/09\\\/Adobe-Express-file.png\",\"contentUrl\":\"https:\\\/\\\/strategiiaplicate.ro\\\/wp-content\\\/uploads\\\/2025\\\/09\\\/Adobe-Express-file.png\",\"width\":1561,\"height\":1547,\"caption\":\"Centrul de Stategii Aplicate\"},\"image\":{\"@id\":\"https:\\\/\\\/strategiiaplicate.ro\\\/#\\\/schema\\\/logo\\\/image\\\/\"}},{\"@type\":\"Person\",\"@id\":\"https:\\\/\\\/strategiiaplicate.ro\\\/#\\\/schema\\\/person\\\/a83a153e4630255c2352b938f6de8efe\",\"name\":\"alpha_root\",\"image\":{\"@type\":\"ImageObject\",\"inLanguage\":\"en-US\",\"@id\":\"https:\\\/\\\/secure.gravatar.com\\\/avatar\\\/89c02d56eac9e456d1f4c111cd92105bb2cf41aa35598455a6b12db51b9f8831?s=96&d=mm&r=g\",\"url\":\"https:\\\/\\\/secure.gravatar.com\\\/avatar\\\/89c02d56eac9e456d1f4c111cd92105bb2cf41aa35598455a6b12db51b9f8831?s=96&d=mm&r=g\",\"contentUrl\":\"https:\\\/\\\/secure.gravatar.com\\\/avatar\\\/89c02d56eac9e456d1f4c111cd92105bb2cf41aa35598455a6b12db51b9f8831?s=96&d=mm&r=g\",\"caption\":\"alpha_root\"},\"url\":\"https:\\\/\\\/strategiiaplicate.ro\\\/?author=2\"}]}<\/script>\n<!-- \/ Yoast SEO plugin. -->","yoast_head_json":{"title":"Curs intensiv: Diploma\u021bie \u0219i mediul interna\u021bional de securitate, Timi\u0219oara, 17 decembrie 2016 - Centrul de Stategii Aplicate","robots":{"index":"index","follow":"follow","max-snippet":"max-snippet:-1","max-image-preview":"max-image-preview:large","max-video-preview":"max-video-preview:-1"},"canonical":"https:\/\/strategiiaplicate.ro\/?p=80","og_locale":"en_US","og_type":"article","og_title":"Curs intensiv: Diploma\u021bie \u0219i mediul interna\u021bional de securitate, Timi\u0219oara, 17 decembrie 2016 - Centrul de Stategii Aplicate","og_description":"Diploma\u021bie \u0219i mondializare \u2013 Ambasador prof. univ. dr. \u015eTEFAN GL\u0102VANDiploma\u021bie parlamentara \u0219i de securitate \u2013 Vicepre\u0219edinte al Comisiei de Ap\u0103rare, Ordine Public\u0103 \u0219i Siguran\u021b\u0103 Na\u021bional\u0103, secretar al Comisiei de control \u2013 SIE, delegat la Adunarea parlamentar\u0103 NATO, Prefect, DR\u0102G\u0102NESCU OVIDIUDiploma\u021bie cultural\u0103 \u2013 \u0218TEFAN POPA POPA\u2019S, Ambasador cultural al turismului rom\u00e2nescNoi tendin\u021be \u00een diploma\u021bia contemporan\u0103 \u2013 [&hellip;]","og_url":"https:\/\/strategiiaplicate.ro\/?p=80","og_site_name":"Centrul de Stategii Aplicate","article_published_time":"2016-11-21T04:53:00+00:00","article_modified_time":"2025-09-18T17:42:23+00:00","author":"alpha_root","twitter_card":"summary_large_image","twitter_misc":{"Written by":"alpha_root","Est. reading time":"1 minute"},"schema":{"@context":"https:\/\/schema.org","@graph":[{"@type":"Article","@id":"https:\/\/strategiiaplicate.ro\/?p=80#article","isPartOf":{"@id":"https:\/\/strategiiaplicate.ro\/?p=80"},"author":{"name":"alpha_root","@id":"https:\/\/strategiiaplicate.ro\/#\/schema\/person\/a83a153e4630255c2352b938f6de8efe"},"headline":"Curs intensiv: Diploma\u021bie \u0219i mediul interna\u021bional de securitate, Timi\u0219oara, 17 decembrie 2016","datePublished":"2016-11-21T04:53:00+00:00","dateModified":"2025-09-18T17:42:23+00:00","mainEntityOfPage":{"@id":"https:\/\/strategiiaplicate.ro\/?p=80"},"wordCount":191,"commentCount":0,"publisher":{"@id":"https:\/\/strategiiaplicate.ro\/#organization"},"inLanguage":"en-US","potentialAction":[{"@type":"CommentAction","name":"Comment","target":["https:\/\/strategiiaplicate.ro\/?p=80#respond"]}]},{"@type":"WebPage","@id":"https:\/\/strategiiaplicate.ro\/?p=80","url":"https:\/\/strategiiaplicate.ro\/?p=80","name":"Curs intensiv: Diploma\u021bie \u0219i mediul interna\u021bional de securitate, Timi\u0219oara, 17 decembrie 2016 - Centrul de Stategii Aplicate","isPartOf":{"@id":"https:\/\/strategiiaplicate.ro\/#website"},"datePublished":"2016-11-21T04:53:00+00:00","dateModified":"2025-09-18T17:42:23+00:00","breadcrumb":{"@id":"https:\/\/strategiiaplicate.ro\/?p=80#breadcrumb"},"inLanguage":"en-US","potentialAction":[{"@type":"ReadAction","target":["https:\/\/strategiiaplicate.ro\/?p=80"]}]},{"@type":"BreadcrumbList","@id":"https:\/\/strategiiaplicate.ro\/?p=80#breadcrumb","itemListElement":[{"@type":"ListItem","position":1,"name":"Home","item":"https:\/\/strategiiaplicate.ro\/"},{"@type":"ListItem","position":2,"name":"Curs intensiv: Diploma\u021bie \u0219i mediul interna\u021bional de securitate, Timi\u0219oara, 17 decembrie 2016"}]},{"@type":"WebSite","@id":"https:\/\/strategiiaplicate.ro\/#website","url":"https:\/\/strategiiaplicate.ro\/","name":"Centrul de Stategii Aplicate","description":"","publisher":{"@id":"https:\/\/strategiiaplicate.ro\/#organization"},"potentialAction":[{"@type":"SearchAction","target":{"@type":"EntryPoint","urlTemplate":"https:\/\/strategiiaplicate.ro\/?s={search_term_string}"},"query-input":{"@type":"PropertyValueSpecification","valueRequired":true,"valueName":"search_term_string"}}],"inLanguage":"en-US"},{"@type":"Organization","@id":"https:\/\/strategiiaplicate.ro\/#organization","name":"Centrul de Stategii Aplicate","url":"https:\/\/strategiiaplicate.ro\/","logo":{"@type":"ImageObject","inLanguage":"en-US","@id":"https:\/\/strategiiaplicate.ro\/#\/schema\/logo\/image\/","url":"https:\/\/strategiiaplicate.ro\/wp-content\/uploads\/2025\/09\/Adobe-Express-file.png","contentUrl":"https:\/\/strategiiaplicate.ro\/wp-content\/uploads\/2025\/09\/Adobe-Express-file.png","width":1561,"height":1547,"caption":"Centrul de Stategii Aplicate"},"image":{"@id":"https:\/\/strategiiaplicate.ro\/#\/schema\/logo\/image\/"}},{"@type":"Person","@id":"https:\/\/strategiiaplicate.ro\/#\/schema\/person\/a83a153e4630255c2352b938f6de8efe","name":"alpha_root","image":{"@type":"ImageObject","inLanguage":"en-US","@id":"https:\/\/secure.gravatar.com\/avatar\/89c02d56eac9e456d1f4c111cd92105bb2cf41aa35598455a6b12db51b9f8831?s=96&d=mm&r=g","url":"https:\/\/secure.gravatar.com\/avatar\/89c02d56eac9e456d1f4c111cd92105bb2cf41aa35598455a6b12db51b9f8831?s=96&d=mm&r=g","contentUrl":"https:\/\/secure.gravatar.com\/avatar\/89c02d56eac9e456d1f4c111cd92105bb2cf41aa35598455a6b12db51b9f8831?s=96&d=mm&r=g","caption":"alpha_root"},"url":"https:\/\/strategiiaplicate.ro\/?author=2"}]}},"_links":{"self":[{"href":"https:\/\/strategiiaplicate.ro\/index.php?rest_route=\/wp\/v2\/posts\/80","targetHints":{"allow":["GET"]}}],"collection":[{"href":"https:\/\/strategiiaplicate.ro\/index.php?rest_route=\/wp\/v2\/posts"}],"about":[{"href":"https:\/\/strategiiaplicate.ro\/index.php?rest_route=\/wp\/v2\/types\/post"}],"author":[{"embeddable":true,"href":"https:\/\/strategiiaplicate.ro\/index.php?rest_route=\/wp\/v2\/users\/2"}],"replies":[{"embeddable":true,"href":"https:\/\/strategiiaplicate.ro\/index.php?rest_route=%2Fwp%2Fv2%2Fcomments&post=80"}],"version-history":[{"count":1,"href":"https:\/\/strategiiaplicate.ro\/index.php?rest_route=\/wp\/v2\/posts\/80\/revisions"}],"predecessor-version":[{"id":81,"href":"https:\/\/strategiiaplicate.ro\/index.php?rest_route=\/wp\/v2\/posts\/80\/revisions\/81"}],"wp:attachment":[{"href":"https:\/\/strategiiaplicate.ro\/index.php?rest_route=%2Fwp%2Fv2%2Fmedia&parent=80"}],"wp:term":[{"taxonomy":"category","embeddable":true,"href":"https:\/\/strategiiaplicate.ro\/index.php?rest_route=%2Fwp%2Fv2%2Fcategories&post=80"},{"taxonomy":"post_tag","embeddable":true,"href":"https:\/\/strategiiaplicate.ro\/index.php?rest_route=%2Fwp%2Fv2%2Ftags&post=80"}],"curies":[{"name":"wp","href":"https:\/\/api.w.org\/{rel}","templated":true}]}}